{"id":313,"date":"2021-01-15T17:47:23","date_gmt":"2021-01-15T16:47:23","guid":{"rendered":"http:\/\/www.marandoparrucchieri.it\/dev\/?p=313"},"modified":"2021-12-10T00:07:20","modified_gmt":"2021-12-09T23:07:20","slug":"degrade","status":"publish","type":"post","link":"https:\/\/www.marandoparrucchieri.it\/dev\/2021\/01\/15\/degrade\/","title":{"rendered":"Degrad\u00e8 Joelle: Metodo di Colorazione Verticale"},"content":{"rendered":"\t\t<div data-elementor-type=\"wp-post\" data-elementor-id=\"313\" class=\"elementor elementor-313\">\n\t\t\t\t\t\t<section class=\"elementor-section elementor-top-section elementor-element elementor-element-723e elementor-section-boxed elementor-section-height-default elementor-section-height-default\" data-id=\"723e\" data-element_type=\"section\">\n\t\t\t\t\t\t<div class=\"elementor-container elementor-column-gap-default\">\n\t\t\t\t\t<div class=\"elementor-column elementor-col-100 elementor-top-column elementor-element elementor-element-4bed\" data-id=\"4bed\" data-element_type=\"column\">\n\t\t\t<div class=\"elementor-widget-wrap elementor-element-populated\">\n\t\t\t\t\t\t<div class=\"elementor-element elementor-element-4b8f elementor-widget elementor-widget-text-editor\" data-id=\"4b8f\" data-element_type=\"widget\" data-widget_type=\"text-editor.default\">\n\t\t\t\t<div class=\"elementor-widget-container\">\n\t\t\t\t\t\t\t\t\t<p style=\"text-align: center;\"><strong><span style=\"font-size: 14pt;\">Desideri un colore per i tuoi capelli che duri di pi\u00f9 nel tempo?<\/span><\/strong><\/p>\n<p style=\"text-align: center;\"><strong><span style=\"font-size: 14pt;\">DEGRADE\u2019<\/span><\/strong><\/p>\n<p style=\"text-align: center;\"><strong><span style=\"font-size: 14pt;\">Effetti di Colore pi\u00f9 o meno compatti <\/span><\/strong><br><strong><span style=\"font-size: 14pt;\">che rendono i Capelli luminosi e naturali<\/span><\/strong><\/p>\n<p style=\"text-align: center;\"><br><\/p>\n<p style=\"text-align: left;\"><span style=\"font-size: 12pt;\">La colorazione tradizionale \u00e8 di tipo orizzontale e contiene ammonica; si presenta piatta e poco naturale, con il passare del tempo tende a opacizzarsi.<\/span><br><span style=\"font-size: 12pt;\">Il Degrad\u00e8 \u00e8 l\u2019alternativa giusta per ogni esigenza con effetti del tutto naturali<\/span><\/p>\n<p style=\"text-align: left;\"><span style=\"font-size: 12pt;\">Da 9 anni il team Marando Parrucchieri \u00e8 specializzato nella colorazione verticale e si dedica con grande attenzione alla cura dell\u2019immagine e dei capelli, attraverso un\u2019accurata consulenza, avvalendosi dei prodotti Wella System professional e Wella professional.<\/span><\/p><p style=\"text-align: left;\"><span style=\"font-size: 12pt;\"><br><\/span><\/p>\n<p style=\"text-align: center;\"><span style=\"font-size: 14pt;\"><strong>Cose\u2019 il Degrad\u00e8?<\/strong><\/span><\/p>\n<p style=\"text-align: left;\"><span style=\"font-size: 12pt;\">Il Degrad\u00e8 \u00e8 un innovativo sistema di colorazione per risolvere i problemi di cambio di colore, la copertura dei capelli bianchi, la possibilit\u00e0 di schiarire i capelli del tono desiderato. Il rilascio graduale di pigmenti fa si che con il Degrad\u00e8 il colore duri di pi\u00f9 nel tempo e la ricrescita si presenta come e parte integrante del colore. Crea effetti striati o pi\u00f9 compatti, rispondendo ad ogni esigenza, con risultati di colore e riflessi del tutto naturali.<\/span><br>Vedi gallery:&nbsp;&nbsp;<a href=\"https:\/\/www.marandoparrucchieri.it\/dev\/gallery\/\">https:\/\/www.marandoparrucchieri.it\/dev\/gallery\/<\/a><\/p>\n<p style=\"text-align: center;\"><strong><span style=\"font-size: 14pt;\">Qual&#8217;\u00e8 la differenza?<\/span><\/strong><\/p>\n<p style=\"text-align: left;\"><span style=\"font-size: 12pt;\">Con la colorazione tradizionale, si effettua in orizzontale, e contiene ammoniaca; in essa il colore nel tempo tende a sbiadirsi e opacizzarsi, sia per effetto dei lavaggi, sia per effetto del sole. <\/span><br><span style=\"font-size: 12pt;\">A contrario il Degrad\u00e8, \u00e8 una colorazione che si effettua in verticale: \u00e8 molto pi\u00f9 ricca di riflessante e il colore dona lucentezza e morbidezza, lasciando inalterata la struttura dei capelli nel tempo. Si applicano vari tipi di colore (colore a ossidazione, riflessante, decolorante, colori a pigmenti pronti e maschere ristrutturanti). La scelta del prodotto si stabilisce valutando la struttura e l\u2019esigenza della cliente. <\/span><br><span style=\"font-size: 12pt;\">Questa tecnica viene eseguita applicando le stagnole su tutta la testa. Esistono 12 tecniche differenti di Degrad\u00e8, questo consente di ottenere diversi effetti e soddisfare ogni esigenza e desiderio della cliente: schiarisce, riflessa, lucida e copre il 100% di capelli bianchi.<\/span><\/p>\n<p style=\"text-align: center;\"><strong><span style=\"font-size: 14pt;\">Beneficio<\/span><\/strong><\/p>\n<p style=\"text-align: left;\"><span style=\"font-size: 12pt;\">Con il Degrad\u00e8 il colore dura di pi\u00f9 nel tempo e la ricrescita si presenta frastagliata e parte integrante del colore. Diversi tipi di colori vengono applicati su ciocche sottili e l\u2019aggiunta di riflessante consente il rilascio graduale di pigmenti. Il risultato \u00e8 una colorazione del tutto naturale la cui brillantezza permane nel tempo.<\/span><\/p>\n<div class=\"vc_row wpb_row vc_row-fluid\">\n<div class=\"parallax-wrapper\">\n<div class=\"wpb_column vc_column_container vc_col-sm-6\">\n<div class=\"vc_column-inner \">\n<div class=\"wpb_wrapper\">\n<div class=\"wpb_text_column wpb_content_element \">&nbsp;<\/div>\n<div class=\"vc_btn3-container vc_btn3-center\" style=\"text-align: center;\">&nbsp;<\/div>\n<\/div>\n<\/div>\n<\/div>\n<\/div>\n<\/div>\n<div class=\"vc_row wpb_row vc_row-fluid\" style=\"text-align: center;\">&nbsp;<\/div>\t\t\t\t\t\t\t\t<\/div>\n\t\t\t\t<\/div>\n\t\t\t\t\t<\/div>\n\t\t<\/div>\n\t\t\t\t\t<\/div>\n\t\t<\/section>\n\t\t\t\t<section class=\"elementor-section elementor-top-section elementor-element elementor-element-77a8a6a elementor-section-boxed elementor-section-height-default elementor-section-height-default\" data-id=\"77a8a6a\" data-element_type=\"section\">\n\t\t\t\t\t\t<div class=\"elementor-container elementor-column-gap-default\">\n\t\t\t\t\t<div class=\"elementor-column elementor-col-100 elementor-top-column elementor-element elementor-element-23a2598\" data-id=\"23a2598\" data-element_type=\"column\">\n\t\t\t<div class=\"elementor-widget-wrap elementor-element-populated\">\n\t\t\t\t\t\t<div class=\"elementor-element elementor-element-9f02239 elementor-align-center elementor-widget elementor-widget-button\" data-id=\"9f02239\" data-element_type=\"widget\" data-widget_type=\"button.default\">\n\t\t\t\t<div class=\"elementor-widget-container\">\n\t\t\t\t\t\t\t\t\t<div class=\"elementor-button-wrapper\">\n\t\t\t\t\t<a class=\"elementor-button elementor-button-link elementor-size-md\" href=\"https:\/\/www.marandoparrucchieri.it\/dev\/booking\/\">\n\t\t\t\t\t\t<span class=\"elementor-button-content-wrapper\">\n\t\t\t\t\t\t\t\t\t<span class=\"elementor-button-text\">Prenota Ora un Appuntamento<\/span>\n\t\t\t\t\t<\/span>\n\t\t\t\t\t<\/a>\n\t\t\t\t<\/div>\n\t\t\t\t\t\t\t\t<\/div>\n\t\t\t\t<\/div>\n\t\t\t\t\t<\/div>\n\t\t<\/div>\n\t\t\t\t\t<\/div>\n\t\t<\/section>\n\t\t\t\t<\/div>\n\t\t","protected":false},"excerpt":{"rendered":"<p>Desideri un colore per i tuoi capelli che duri di pi\u00f9 nel tempo? DEGRADE\u2019 Effetti di Colore pi\u00f9 o meno compatti che rendono i Capelli luminosi e naturali La colorazione [&hellip;]<\/p>\n","protected":false},"author":2,"featured_media":2065,"comment_status":"open","ping_status":"open","sticky":false,"template":"","format":"standard","meta":{"footnotes":""},"categories":[64,49],"tags":[41,47,46,48,42,43,57,44],"yoast_head":"<!-- This site is optimized with the Yoast SEO plugin v22.4 - https:\/\/yoast.com\/wordpress\/plugins\/seo\/ -->\r\n<title>Degrad\u00e8 Joelle: Metodo di Colorazione Verticale - Centro Degrad\u00e8 Joelle Marando Parrucchieri<\/title>\r\n<meta name=\"description\" content=\"DEGRADE\u2019 Effetti di Colore pi\u00f9 o meno compatti che rendono i Capelli luminosi e naturali Prenota Ora un Appuntamento Online \u00a0\" \/>\r\n<meta name=\"robots\" content=\"index, follow, max-snippet:-1, max-image-preview:large, max-video-preview:-1\" \/>\r\n<link rel=\"canonical\" href=\"https:\/\/www.marandoparrucchieri.it\/dev\/2021\/01\/15\/degrade\/\" \/>\r\n<meta property=\"og:locale\" content=\"it_IT\" \/>\r\n<meta property=\"og:type\" content=\"article\" \/>\r\n<meta property=\"og:title\" content=\"Degrad\u00e8 Joelle: Metodo di Colorazione Verticale - Centro Degrad\u00e8 Joelle Marando Parrucchieri\" \/>\r\n<meta property=\"og:description\" content=\"DEGRADE\u2019 Effetti di Colore pi\u00f9 o meno compatti che rendono i Capelli luminosi e naturali Prenota Ora un Appuntamento Online \u00a0\" \/>\r\n<meta property=\"og:url\" content=\"https:\/\/www.marandoparrucchieri.it\/dev\/2021\/01\/15\/degrade\/\" \/>\r\n<meta property=\"og:site_name\" content=\"Centro Degrad\u00e8 Joelle Marando Parrucchieri\" \/>\r\n<meta property=\"article:publisher\" content=\"https:\/\/m.facebook.com\/marandoparrucchieri\/?ref=bookmarks\" \/>\r\n<meta property=\"article:published_time\" content=\"2021-01-15T16:47:23+00:00\" \/>\r\n<meta property=\"article:modified_time\" content=\"2021-12-09T23:07:20+00:00\" \/>\r\n<meta property=\"og:image\" content=\"https:\/\/www.marandoparrucchieri.it\/dev\/wp-content\/uploads\/2019\/04\/Marando26-683x1024.jpg\" \/>\r\n\t<meta property=\"og:image:width\" content=\"683\" \/>\r\n\t<meta property=\"og:image:height\" content=\"1024\" \/>\r\n\t<meta property=\"og:image:type\" content=\"image\/jpeg\" \/>\r\n<meta name=\"author\" content=\"Francesco Marando\" \/>\r\n<meta name=\"twitter:card\" content=\"summary_large_image\" \/>\r\n<meta name=\"twitter:creator\" content=\"@infomarando\" \/>\r\n<meta name=\"twitter:site\" content=\"@infomarando\" \/>\r\n<meta name=\"twitter:label1\" content=\"Scritto da\" \/>\n\t<meta name=\"twitter:data1\" content=\"Francesco Marando\" \/>\n\t<meta name=\"twitter:label2\" content=\"Tempo di lettura stimato\" \/>\n\t<meta name=\"twitter:data2\" content=\"2 minuti\" \/>\r\n<script type=\"application\/ld+json\" class=\"yoast-schema-graph\">{\"@context\":\"https:\/\/schema.org\",\"@graph\":[{\"@type\":\"Article\",\"@id\":\"https:\/\/www.marandoparrucchieri.it\/dev\/2021\/01\/15\/degrade\/#article\",\"isPartOf\":{\"@id\":\"https:\/\/www.marandoparrucchieri.it\/dev\/2021\/01\/15\/degrade\/\"},\"author\":{\"name\":\"Francesco Marando\",\"@id\":\"https:\/\/www.marandoparrucchieri.it\/dev\/#\/schema\/person\/36d8e56be952e206f18a754b53db83ff\"},\"headline\":\"Degrad\u00e8 Joelle: Metodo di Colorazione Verticale\",\"datePublished\":\"2021-01-15T16:47:23+00:00\",\"dateModified\":\"2021-12-09T23:07:20+00:00\",\"mainEntityOfPage\":{\"@id\":\"https:\/\/www.marandoparrucchieri.it\/dev\/2021\/01\/15\/degrade\/\"},\"wordCount\":390,\"commentCount\":0,\"publisher\":{\"@id\":\"https:\/\/www.marandoparrucchieri.it\/dev\/#organization\"},\"image\":{\"@id\":\"https:\/\/www.marandoparrucchieri.it\/dev\/2021\/01\/15\/degrade\/#primaryimage\"},\"thumbnailUrl\":\"https:\/\/www.marandoparrucchieri.it\/dev\/wp-content\/uploads\/2019\/04\/Marando26.jpg\",\"keywords\":[\"capelli\",\"colore\",\"Degrad\u00e8 Joelle\",\"haircolor\",\"hairspa\",\"massaggio\",\"Shatush\",\"trattamenti di bellezza\"],\"articleSection\":[\"Colorazione\",\"Trattamenti\"],\"inLanguage\":\"it-IT\",\"potentialAction\":[{\"@type\":\"CommentAction\",\"name\":\"Comment\",\"target\":[\"https:\/\/www.marandoparrucchieri.it\/dev\/2021\/01\/15\/degrade\/#respond\"]}]},{\"@type\":\"WebPage\",\"@id\":\"https:\/\/www.marandoparrucchieri.it\/dev\/2021\/01\/15\/degrade\/\",\"url\":\"https:\/\/www.marandoparrucchieri.it\/dev\/2021\/01\/15\/degrade\/\",\"name\":\"Degrad\u00e8 Joelle: Metodo di Colorazione Verticale - Centro Degrad\u00e8 Joelle Marando Parrucchieri\",\"isPartOf\":{\"@id\":\"https:\/\/www.marandoparrucchieri.it\/dev\/#website\"},\"primaryImageOfPage\":{\"@id\":\"https:\/\/www.marandoparrucchieri.it\/dev\/2021\/01\/15\/degrade\/#primaryimage\"},\"image\":{\"@id\":\"https:\/\/www.marandoparrucchieri.it\/dev\/2021\/01\/15\/degrade\/#primaryimage\"},\"thumbnailUrl\":\"https:\/\/www.marandoparrucchieri.it\/dev\/wp-content\/uploads\/2019\/04\/Marando26.jpg\",\"datePublished\":\"2021-01-15T16:47:23+00:00\",\"dateModified\":\"2021-12-09T23:07:20+00:00\",\"description\":\"DEGRADE\u2019 Effetti di Colore pi\u00f9 o meno compatti che rendono i Capelli luminosi e naturali Prenota Ora un Appuntamento Online \u00a0\",\"breadcrumb\":{\"@id\":\"https:\/\/www.marandoparrucchieri.it\/dev\/2021\/01\/15\/degrade\/#breadcrumb\"},\"inLanguage\":\"it-IT\",\"potentialAction\":[{\"@type\":\"ReadAction\",\"target\":[\"https:\/\/www.marandoparrucchieri.it\/dev\/2021\/01\/15\/degrade\/\"]}]},{\"@type\":\"ImageObject\",\"inLanguage\":\"it-IT\",\"@id\":\"https:\/\/www.marandoparrucchieri.it\/dev\/2021\/01\/15\/degrade\/#primaryimage\",\"url\":\"https:\/\/www.marandoparrucchieri.it\/dev\/wp-content\/uploads\/2019\/04\/Marando26.jpg\",\"contentUrl\":\"https:\/\/www.marandoparrucchieri.it\/dev\/wp-content\/uploads\/2019\/04\/Marando26.jpg\",\"width\":4202,\"height\":6302},{\"@type\":\"BreadcrumbList\",\"@id\":\"https:\/\/www.marandoparrucchieri.it\/dev\/2021\/01\/15\/degrade\/#breadcrumb\",\"itemListElement\":[{\"@type\":\"ListItem\",\"position\":1,\"name\":\"Home &gt; parrucchiere &gt; degrad\u00e8 joelle &gt; parrucchiere &gt; capelli &gt; hair &gt; marando parrucchieri\",\"item\":\"https:\/\/www.marandoparrucchieri.it\/dev\/\"},{\"@type\":\"ListItem\",\"position\":2,\"name\":\"Degrad\u00e8 Joelle: Metodo di Colorazione Verticale\"}]},{\"@type\":\"WebSite\",\"@id\":\"https:\/\/www.marandoparrucchieri.it\/dev\/#website\",\"url\":\"https:\/\/www.marandoparrucchieri.it\/dev\/\",\"name\":\"marandoparrucchieri.it\/dev\/\",\"description\":\"Specialisti del colore, in particolare della tecnica del Degrad\u00e8\",\"publisher\":{\"@id\":\"https:\/\/www.marandoparrucchieri.it\/dev\/#organization\"},\"potentialAction\":[{\"@type\":\"SearchAction\",\"target\":{\"@type\":\"EntryPoint\",\"urlTemplate\":\"https:\/\/www.marandoparrucchieri.it\/dev\/?s={search_term_string}\"},\"query-input\":\"required name=search_term_string\"}],\"inLanguage\":\"it-IT\"},{\"@type\":\"Organization\",\"@id\":\"https:\/\/www.marandoparrucchieri.it\/dev\/#organization\",\"name\":\"MARANDO PARRUCCHIERI\",\"url\":\"https:\/\/www.marandoparrucchieri.it\/dev\/\",\"logo\":{\"@type\":\"ImageObject\",\"inLanguage\":\"it-IT\",\"@id\":\"https:\/\/www.marandoparrucchieri.it\/dev\/#\/schema\/logo\/image\/\",\"url\":\"https:\/\/www.marandoparrucchieri.it\/dev\/wp-content\/uploads\/2019\/11\/logo-marando.png\",\"contentUrl\":\"https:\/\/www.marandoparrucchieri.it\/dev\/wp-content\/uploads\/2019\/11\/logo-marando.png\",\"width\":591,\"height\":236,\"caption\":\"MARANDO PARRUCCHIERI\"},\"image\":{\"@id\":\"https:\/\/www.marandoparrucchieri.it\/dev\/#\/schema\/logo\/image\/\"},\"sameAs\":[\"https:\/\/m.facebook.com\/marandoparrucchieri\/?ref=bookmarks\",\"https:\/\/twitter.com\/infomarando\",\"https:\/\/www.instagram.com\/marando_parrucchieri\/?hl=it\",\"https:\/\/www.pinterest.it\/fracioplucip\/\"]},{\"@type\":\"Person\",\"@id\":\"https:\/\/www.marandoparrucchieri.it\/dev\/#\/schema\/person\/36d8e56be952e206f18a754b53db83ff\",\"name\":\"Francesco Marando\",\"image\":{\"@type\":\"ImageObject\",\"inLanguage\":\"it-IT\",\"@id\":\"https:\/\/www.marandoparrucchieri.it\/dev\/#\/schema\/person\/image\/\",\"url\":\"https:\/\/secure.gravatar.com\/avatar\/a2a9afde9d35ad620f9f8f40e926bc73?s=96&d=mm&r=g\",\"contentUrl\":\"https:\/\/secure.gravatar.com\/avatar\/a2a9afde9d35ad620f9f8f40e926bc73?s=96&d=mm&r=g\",\"caption\":\"Francesco Marando\"},\"url\":\"https:\/\/www.marandoparrucchieri.it\/dev\/author\/francesco\/\"}]}<\/script>\r\n<!-- \/ Yoast SEO plugin. -->","yoast_head_json":{"title":"Degrad\u00e8 Joelle: Metodo di Colorazione Verticale - Centro Degrad\u00e8 Joelle Marando Parrucchieri","description":"DEGRADE\u2019 Effetti di Colore pi\u00f9 o meno compatti che rendono i Capelli luminosi e naturali Prenota Ora un Appuntamento Online \u00a0","robots":{"index":"index","follow":"follow","max-snippet":"max-snippet:-1","max-image-preview":"max-image-preview:large","max-video-preview":"max-video-preview:-1"},"canonical":"https:\/\/www.marandoparrucchieri.it\/dev\/2021\/01\/15\/degrade\/","og_locale":"it_IT","og_type":"article","og_title":"Degrad\u00e8 Joelle: Metodo di Colorazione Verticale - Centro Degrad\u00e8 Joelle Marando Parrucchieri","og_description":"DEGRADE\u2019 Effetti di Colore pi\u00f9 o meno compatti che rendono i Capelli luminosi e naturali Prenota Ora un Appuntamento Online \u00a0","og_url":"https:\/\/www.marandoparrucchieri.it\/dev\/2021\/01\/15\/degrade\/","og_site_name":"Centro Degrad\u00e8 Joelle Marando Parrucchieri","article_publisher":"https:\/\/m.facebook.com\/marandoparrucchieri\/?ref=bookmarks","article_published_time":"2021-01-15T16:47:23+00:00","article_modified_time":"2021-12-09T23:07:20+00:00","og_image":[{"width":683,"height":1024,"url":"https:\/\/www.marandoparrucchieri.it\/dev\/wp-content\/uploads\/2019\/04\/Marando26-683x1024.jpg","type":"image\/jpeg"}],"author":"Francesco Marando","twitter_card":"summary_large_image","twitter_creator":"@infomarando","twitter_site":"@infomarando","twitter_misc":{"Scritto da":"Francesco Marando","Tempo di lettura stimato":"2 minuti"},"schema":{"@context":"https:\/\/schema.org","@graph":[{"@type":"Article","@id":"https:\/\/www.marandoparrucchieri.it\/dev\/2021\/01\/15\/degrade\/#article","isPartOf":{"@id":"https:\/\/www.marandoparrucchieri.it\/dev\/2021\/01\/15\/degrade\/"},"author":{"name":"Francesco Marando","@id":"https:\/\/www.marandoparrucchieri.it\/dev\/#\/schema\/person\/36d8e56be952e206f18a754b53db83ff"},"headline":"Degrad\u00e8 Joelle: Metodo di Colorazione Verticale","datePublished":"2021-01-15T16:47:23+00:00","dateModified":"2021-12-09T23:07:20+00:00","mainEntityOfPage":{"@id":"https:\/\/www.marandoparrucchieri.it\/dev\/2021\/01\/15\/degrade\/"},"wordCount":390,"commentCount":0,"publisher":{"@id":"https:\/\/www.marandoparrucchieri.it\/dev\/#organization"},"image":{"@id":"https:\/\/www.marandoparrucchieri.it\/dev\/2021\/01\/15\/degrade\/#primaryimage"},"thumbnailUrl":"https:\/\/www.marandoparrucchieri.it\/dev\/wp-content\/uploads\/2019\/04\/Marando26.jpg","keywords":["capelli","colore","Degrad\u00e8 Joelle","haircolor","hairspa","massaggio","Shatush","trattamenti di bellezza"],"articleSection":["Colorazione","Trattamenti"],"inLanguage":"it-IT","potentialAction":[{"@type":"CommentAction","name":"Comment","target":["https:\/\/www.marandoparrucchieri.it\/dev\/2021\/01\/15\/degrade\/#respond"]}]},{"@type":"WebPage","@id":"https:\/\/www.marandoparrucchieri.it\/dev\/2021\/01\/15\/degrade\/","url":"https:\/\/www.marandoparrucchieri.it\/dev\/2021\/01\/15\/degrade\/","name":"Degrad\u00e8 Joelle: Metodo di Colorazione Verticale - Centro Degrad\u00e8 Joelle Marando Parrucchieri","isPartOf":{"@id":"https:\/\/www.marandoparrucchieri.it\/dev\/#website"},"primaryImageOfPage":{"@id":"https:\/\/www.marandoparrucchieri.it\/dev\/2021\/01\/15\/degrade\/#primaryimage"},"image":{"@id":"https:\/\/www.marandoparrucchieri.it\/dev\/2021\/01\/15\/degrade\/#primaryimage"},"thumbnailUrl":"https:\/\/www.marandoparrucchieri.it\/dev\/wp-content\/uploads\/2019\/04\/Marando26.jpg","datePublished":"2021-01-15T16:47:23+00:00","dateModified":"2021-12-09T23:07:20+00:00","description":"DEGRADE\u2019 Effetti di Colore pi\u00f9 o meno compatti che rendono i Capelli luminosi e naturali Prenota Ora un Appuntamento Online \u00a0","breadcrumb":{"@id":"https:\/\/www.marandoparrucchieri.it\/dev\/2021\/01\/15\/degrade\/#breadcrumb"},"inLanguage":"it-IT","potentialAction":[{"@type":"ReadAction","target":["https:\/\/www.marandoparrucchieri.it\/dev\/2021\/01\/15\/degrade\/"]}]},{"@type":"ImageObject","inLanguage":"it-IT","@id":"https:\/\/www.marandoparrucchieri.it\/dev\/2021\/01\/15\/degrade\/#primaryimage","url":"https:\/\/www.marandoparrucchieri.it\/dev\/wp-content\/uploads\/2019\/04\/Marando26.jpg","contentUrl":"https:\/\/www.marandoparrucchieri.it\/dev\/wp-content\/uploads\/2019\/04\/Marando26.jpg","width":4202,"height":6302},{"@type":"BreadcrumbList","@id":"https:\/\/www.marandoparrucchieri.it\/dev\/2021\/01\/15\/degrade\/#breadcrumb","itemListElement":[{"@type":"ListItem","position":1,"name":"Home &gt; parrucchiere &gt; degrad\u00e8 joelle &gt; parrucchiere &gt; capelli &gt; hair &gt; marando parrucchieri","item":"https:\/\/www.marandoparrucchieri.it\/dev\/"},{"@type":"ListItem","position":2,"name":"Degrad\u00e8 Joelle: Metodo di Colorazione Verticale"}]},{"@type":"WebSite","@id":"https:\/\/www.marandoparrucchieri.it\/dev\/#website","url":"https:\/\/www.marandoparrucchieri.it\/dev\/","name":"marandoparrucchieri.it\/dev\/","description":"Specialisti del colore, in particolare della tecnica del Degrad\u00e8","publisher":{"@id":"https:\/\/www.marandoparrucchieri.it\/dev\/#organization"},"potentialAction":[{"@type":"SearchAction","target":{"@type":"EntryPoint","urlTemplate":"https:\/\/www.marandoparrucchieri.it\/dev\/?s={search_term_string}"},"query-input":"required name=search_term_string"}],"inLanguage":"it-IT"},{"@type":"Organization","@id":"https:\/\/www.marandoparrucchieri.it\/dev\/#organization","name":"MARANDO PARRUCCHIERI","url":"https:\/\/www.marandoparrucchieri.it\/dev\/","logo":{"@type":"ImageObject","inLanguage":"it-IT","@id":"https:\/\/www.marandoparrucchieri.it\/dev\/#\/schema\/logo\/image\/","url":"https:\/\/www.marandoparrucchieri.it\/dev\/wp-content\/uploads\/2019\/11\/logo-marando.png","contentUrl":"https:\/\/www.marandoparrucchieri.it\/dev\/wp-content\/uploads\/2019\/11\/logo-marando.png","width":591,"height":236,"caption":"MARANDO PARRUCCHIERI"},"image":{"@id":"https:\/\/www.marandoparrucchieri.it\/dev\/#\/schema\/logo\/image\/"},"sameAs":["https:\/\/m.facebook.com\/marandoparrucchieri\/?ref=bookmarks","https:\/\/twitter.com\/infomarando","https:\/\/www.instagram.com\/marando_parrucchieri\/?hl=it","https:\/\/www.pinterest.it\/fracioplucip\/"]},{"@type":"Person","@id":"https:\/\/www.marandoparrucchieri.it\/dev\/#\/schema\/person\/36d8e56be952e206f18a754b53db83ff","name":"Francesco Marando","image":{"@type":"ImageObject","inLanguage":"it-IT","@id":"https:\/\/www.marandoparrucchieri.it\/dev\/#\/schema\/person\/image\/","url":"https:\/\/secure.gravatar.com\/avatar\/a2a9afde9d35ad620f9f8f40e926bc73?s=96&d=mm&r=g","contentUrl":"https:\/\/secure.gravatar.com\/avatar\/a2a9afde9d35ad620f9f8f40e926bc73?s=96&d=mm&r=g","caption":"Francesco Marando"},"url":"https:\/\/www.marandoparrucchieri.it\/dev\/author\/francesco\/"}]}},"_links":{"self":[{"href":"https:\/\/www.marandoparrucchieri.it\/dev\/wp-json\/wp\/v2\/posts\/313"}],"collection":[{"href":"https:\/\/www.marandoparrucchieri.it\/dev\/wp-json\/wp\/v2\/posts"}],"about":[{"href":"https:\/\/www.marandoparrucchieri.it\/dev\/wp-json\/wp\/v2\/types\/post"}],"author":[{"embeddable":true,"href":"https:\/\/www.marandoparrucchieri.it\/dev\/wp-json\/wp\/v2\/users\/2"}],"replies":[{"embeddable":true,"href":"https:\/\/www.marandoparrucchieri.it\/dev\/wp-json\/wp\/v2\/comments?post=313"}],"version-history":[{"count":21,"href":"https:\/\/www.marandoparrucchieri.it\/dev\/wp-json\/wp\/v2\/posts\/313\/revisions"}],"predecessor-version":[{"id":2891,"href":"https:\/\/www.marandoparrucchieri.it\/dev\/wp-json\/wp\/v2\/posts\/313\/revisions\/2891"}],"wp:featuredmedia":[{"embeddable":true,"href":"https:\/\/www.marandoparrucchieri.it\/dev\/wp-json\/wp\/v2\/media\/2065"}],"wp:attachment":[{"href":"https:\/\/www.marandoparrucchieri.it\/dev\/wp-json\/wp\/v2\/media?parent=313"}],"wp:term":[{"taxonomy":"category","embeddable":true,"href":"https:\/\/www.marandoparrucchieri.it\/dev\/wp-json\/wp\/v2\/categories?post=313"},{"taxonomy":"post_tag","embeddable":true,"href":"https:\/\/www.marandoparrucchieri.it\/dev\/wp-json\/wp\/v2\/tags?post=313"}],"curies":[{"name":"wp","href":"https:\/\/api.w.org\/{rel}","templated":true}]}}