{"id":1389,"date":"2017-11-06T17:08:50","date_gmt":"2017-11-06T16:08:50","guid":{"rendered":"http:\/\/www.marandoparrucchieri.it\/dev\/?p=1389"},"modified":"2017-12-03T14:54:02","modified_gmt":"2017-12-03T13:54:02","slug":"cinque-buoni-motivi-scegliere-marando-parrucchieri","status":"publish","type":"post","link":"https:\/\/www.marandoparrucchieri.it\/dev\/2017\/11\/06\/cinque-buoni-motivi-scegliere-marando-parrucchieri\/","title":{"rendered":"Cinque buoni motivi per scegliere Marando Parrucchieri"},"content":{"rendered":"<p><span style=\"font-size: 14pt; font-family: georgia,palatino,serif;\">Sapete che a Milano ci sono oltre 100mila parrucchieri? Perch\u00e8, tra tutti, dovreste scegliere Marando Parrucchieri? Ecco cinque buone ragioni:<br \/>\n<\/span><\/p>\n<p>&nbsp;<\/p>\n<p><span style=\"font-size: 14pt; font-family: georgia,palatino,serif;\"><strong>Perch\u00e8 seguiamo le mode, ma non troppo<\/strong><\/span><br \/>\n<span style=\"font-size: 14pt; font-family: georgia,palatino,serif;\"> Un conto \u00e8 essere aggiornati. Un conto \u00e8 voler cavalcare a tutti i costi fenomeni di costume effimeri, che durano il tempo di una stagione. Noi abbiamo un posizionamento riconoscibile, sempre costante nel tempo: da noi, sapete sempre chi trovate ad accogliervi. E cosa aspettarvi.<\/span><\/p>\n<p>&nbsp;<\/p>\n<p><span style=\"font-size: 14pt; font-family: georgia,palatino,serif;\"><strong>Perch\u00e8 prendere un appuntamento da noi \u00e8 un&#8217;esperienza rilassante<\/strong><\/span><br \/>\n<span style=\"font-size: 14pt; font-family: georgia,palatino,serif;\"> Ci piacciono le cose facili. Avete voglia di farci una telefonata? Benissimo. Preferite <a href=\"http:\/\/www.marandoparrucchieri.it\/dev\/booking\/\"><strong>prenotare direttamente on line<\/strong><\/a>, vedendo direttamente da listino quanto spenderete? Il nostro sito ve lo permette. E poi: in salone, da noi, si sta bene. Niente musica a tutto volume, niente casino: una coccola che si rispetti e un lavoro ben fatto richiedono attenzione e concentrazione.<\/span><\/p>\n<p>&nbsp;<\/p>\n<p><span style=\"font-size: 14pt; font-family: georgia,palatino,serif;\"><strong>Perch\u00e8 siamo proprio bravi<\/strong><\/span><br \/>\n<span style=\"font-size: 14pt; font-family: georgia,palatino,serif;\"> Non prendeteci per presuntuosi. Lo dice l&#8217;indice di soddisfazione delle nostre clienti, lo dice il tasso di ritorno di chi viene da noi la prima volta e ritorna, nel 98% dei casi. Abbiamo imparato ad applicare una tecnica di colorazione avanzata, il <a href=\"http:\/\/www.marandoparrucchieri.it\/dev\/2017\/06\/08\/degrade-joelle-la-tecnica-100-italiana-capelli-unici-personalizzabili\/\"><strong>Degrad\u00e8 Joelle<\/strong><\/a>, e sacrifichiamo anche i weekend per partecipare ai corsi di aggiornamento. Studiamo le nuove tendenze, impariamo a rendere l&#8217;effetto sempre pi\u00f9 naturale e poi ci mettiamo alla prova.<\/span><\/p>\n<p>&nbsp;<\/p>\n<p><span style=\"font-size: 14pt; font-family: georgia,palatino,serif;\"><strong>Perch\u00e8 siamo pi\u00f9 cari<\/strong><\/span><br \/>\n<span style=\"font-size: 14pt; font-family: georgia,palatino,serif;\"> Si, avete letto bene. Inutile nascondervi che ci sono altri parrucchieri a Milano dove troverete un prezzo pi\u00f9 conveniente. Professionisti italiani e lavoratori cinesi che vi offrono una piega, tanto per fare un esempio, a 6 euro. O dei colpi di sole a 20 euro. Perch\u00e8 dovreste spenderne 18, da noi? O minimo 75, per un Degrad\u00e8 Joelle? Bh\u00e8, perch\u00e8 noi di Marando Parrucchieri crediamo che sia importante non essere pettinati con una spazzola piena di capelli altrui. Perch\u00e8 ad applicare una pasta colorata dalla dubbia origine sui capelli, in fondo, siamo capaci tutti. Ma poi, riflessi nello specchio, cosa vediamo? Colori improbabili, tagli che nemmeno un adolescente a cui sia stata data in mano per sbaglio una forbice. Pensateci: risparmiare ha senso. Ma (appunto) a che prezzo?<\/span><\/p>\n<p>&nbsp;<\/p>\n<p><span style=\"font-size: 14pt; font-family: georgia,palatino,serif;\"><strong>Perch\u00e8 ci mettiamo il cuore<\/strong><\/span><br \/>\n<span style=\"font-size: 14pt; font-family: georgia,palatino,serif;\"> La nostra \u00e8 una piccola famiglia. Lavoriamo insieme, certo. Ma ci prendiamo in giro, condividiamo le rispettive gioie e salite della vita, ci diamo una mano. Alle nostre clienti vogliamo bene: ci piace quando tornano e ci raccontano perch\u00e8 hanno voglia di sentirsi belle o ci rendono partecipi delle cose che accadono in famiglia. E credeteci, questa energia positiva e questa empatia, si sentono.<\/span><\/p>\n<p><span style=\"font-size: 14pt; font-family: georgia,palatino,serif;\">Share the love, xxx<\/span><\/p>\n","protected":false},"excerpt":{"rendered":"<p>Sapete che a Milano ci sono oltre 100mila parrucchieri? Perch\u00e8, tra tutti, dovreste scegliere Marando Parrucchieri? Ecco cinque buone ragioni: &nbsp; Perch\u00e8 seguiamo le mode, ma non troppo Un conto [&hellip;]<\/p>\n","protected":false},"author":2,"featured_media":1390,"comment_status":"open","ping_status":"open","sticky":false,"template":"","format":"image","meta":{"footnotes":""},"categories":[63,64,79,65],"tags":[70,101,102,46,103,99,100,98,72,104,105],"yoast_head":"<!-- This site is optimized with the Yoast SEO plugin v22.4 - https:\/\/yoast.com\/wordpress\/plugins\/seo\/ -->\r\n<title>Cinque buoni motivi per scegliere Marando Parrucchieri - Centro Degrad\u00e8 Joelle Marando Parrucchieri<\/title>\r\n<meta name=\"description\" content=\"Sapete che a Milano ci sono oltre 100mila parrucchieri? Perch\u00e8, tra tutti, dovreste scegliere Marando Parrucchieri? Ecco cinque buone ragioni:\" \/>\r\n<meta name=\"robots\" content=\"index, follow, max-snippet:-1, max-image-preview:large, max-video-preview:-1\" \/>\r\n<link rel=\"canonical\" href=\"https:\/\/www.marandoparrucchieri.it\/dev\/2017\/11\/06\/cinque-buoni-motivi-scegliere-marando-parrucchieri\/\" \/>\r\n<meta property=\"og:locale\" content=\"it_IT\" \/>\r\n<meta property=\"og:type\" content=\"article\" \/>\r\n<meta property=\"og:title\" content=\"Cinque buoni motivi per scegliere Marando Parrucchieri\" \/>\r\n<meta property=\"og:description\" content=\"A Milano ci sono oltre 100mila parrucchieri. Perch\u00e8 scegliere noi? Perch\u00e8 siamo pi\u00f9 bravi, pi\u00f9 seri, pi\u00f9 cari. E ci mettiamo il cuore.\" \/>\r\n<meta property=\"og:url\" content=\"https:\/\/www.marandoparrucchieri.it\/dev\/2017\/11\/06\/cinque-buoni-motivi-scegliere-marando-parrucchieri\/\" \/>\r\n<meta property=\"og:site_name\" content=\"Centro Degrad\u00e8 Joelle Marando Parrucchieri\" \/>\r\n<meta property=\"article:publisher\" content=\"https:\/\/m.facebook.com\/marandoparrucchieri\/?ref=bookmarks\" \/>\r\n<meta property=\"article:published_time\" content=\"2017-11-06T16:08:50+00:00\" \/>\r\n<meta property=\"article:modified_time\" content=\"2017-12-03T13:54:02+00:00\" \/>\r\n<meta property=\"og:image\" content=\"https:\/\/www.marandoparrucchieri.it\/dev\/wp-content\/uploads\/2017\/05\/gen_logo.png\" \/>\r\n\t<meta property=\"og:image:width\" content=\"800\" \/>\r\n\t<meta property=\"og:image:height\" content=\"800\" \/>\r\n\t<meta property=\"og:image:type\" content=\"image\/png\" \/>\r\n<meta name=\"author\" content=\"Francesco Marando\" \/>\r\n<meta name=\"twitter:card\" content=\"summary_large_image\" \/>\r\n<meta name=\"twitter:creator\" content=\"@infomarando\" \/>\r\n<meta name=\"twitter:site\" content=\"@infomarando\" \/>\r\n<meta name=\"twitter:label1\" content=\"Scritto da\" \/>\n\t<meta name=\"twitter:data1\" content=\"Francesco Marando\" \/>\n\t<meta name=\"twitter:label2\" content=\"Tempo di lettura stimato\" \/>\n\t<meta name=\"twitter:data2\" content=\"2 minuti\" \/>\r\n<script type=\"application\/ld+json\" class=\"yoast-schema-graph\">{\"@context\":\"https:\/\/schema.org\",\"@graph\":[{\"@type\":\"Article\",\"@id\":\"https:\/\/www.marandoparrucchieri.it\/dev\/2017\/11\/06\/cinque-buoni-motivi-scegliere-marando-parrucchieri\/#article\",\"isPartOf\":{\"@id\":\"https:\/\/www.marandoparrucchieri.it\/dev\/2017\/11\/06\/cinque-buoni-motivi-scegliere-marando-parrucchieri\/\"},\"author\":{\"name\":\"Francesco Marando\",\"@id\":\"https:\/\/www.marandoparrucchieri.it\/dev\/#\/schema\/person\/36d8e56be952e206f18a754b53db83ff\"},\"headline\":\"Cinque buoni motivi per scegliere Marando Parrucchieri\",\"datePublished\":\"2017-11-06T16:08:50+00:00\",\"dateModified\":\"2017-12-03T13:54:02+00:00\",\"mainEntityOfPage\":{\"@id\":\"https:\/\/www.marandoparrucchieri.it\/dev\/2017\/11\/06\/cinque-buoni-motivi-scegliere-marando-parrucchieri\/\"},\"wordCount\":424,\"commentCount\":1,\"publisher\":{\"@id\":\"https:\/\/www.marandoparrucchieri.it\/dev\/#organization\"},\"image\":{\"@id\":\"https:\/\/www.marandoparrucchieri.it\/dev\/2017\/11\/06\/cinque-buoni-motivi-scegliere-marando-parrucchieri\/#primaryimage\"},\"thumbnailUrl\":\"https:\/\/www.marandoparrucchieri.it\/dev\/wp-content\/uploads\/2017\/11\/IMG_2201-e1509985226458.jpg\",\"keywords\":[\"colore capelli\",\"degrade biondo\",\"degrade castano\",\"Degrad\u00e8 Joelle\",\"degrade rosso\",\"marando\",\"marando parrucchiere\",\"milano\",\"parrucchiere milano\",\"tinture capelli\",\"tinture capelli naturale\"],\"articleSection\":[\"Bellezza\",\"Colorazione\",\"news\",\"Tagli\"],\"inLanguage\":\"it-IT\",\"potentialAction\":[{\"@type\":\"CommentAction\",\"name\":\"Comment\",\"target\":[\"https:\/\/www.marandoparrucchieri.it\/dev\/2017\/11\/06\/cinque-buoni-motivi-scegliere-marando-parrucchieri\/#respond\"]}]},{\"@type\":\"WebPage\",\"@id\":\"https:\/\/www.marandoparrucchieri.it\/dev\/2017\/11\/06\/cinque-buoni-motivi-scegliere-marando-parrucchieri\/\",\"url\":\"https:\/\/www.marandoparrucchieri.it\/dev\/2017\/11\/06\/cinque-buoni-motivi-scegliere-marando-parrucchieri\/\",\"name\":\"Cinque buoni motivi per scegliere Marando Parrucchieri - Centro Degrad\u00e8 Joelle Marando Parrucchieri\",\"isPartOf\":{\"@id\":\"https:\/\/www.marandoparrucchieri.it\/dev\/#website\"},\"primaryImageOfPage\":{\"@id\":\"https:\/\/www.marandoparrucchieri.it\/dev\/2017\/11\/06\/cinque-buoni-motivi-scegliere-marando-parrucchieri\/#primaryimage\"},\"image\":{\"@id\":\"https:\/\/www.marandoparrucchieri.it\/dev\/2017\/11\/06\/cinque-buoni-motivi-scegliere-marando-parrucchieri\/#primaryimage\"},\"thumbnailUrl\":\"https:\/\/www.marandoparrucchieri.it\/dev\/wp-content\/uploads\/2017\/11\/IMG_2201-e1509985226458.jpg\",\"datePublished\":\"2017-11-06T16:08:50+00:00\",\"dateModified\":\"2017-12-03T13:54:02+00:00\",\"description\":\"Sapete che a Milano ci sono oltre 100mila parrucchieri? Perch\u00e8, tra tutti, dovreste scegliere Marando Parrucchieri? Ecco cinque buone ragioni:\",\"breadcrumb\":{\"@id\":\"https:\/\/www.marandoparrucchieri.it\/dev\/2017\/11\/06\/cinque-buoni-motivi-scegliere-marando-parrucchieri\/#breadcrumb\"},\"inLanguage\":\"it-IT\",\"potentialAction\":[{\"@type\":\"ReadAction\",\"target\":[\"https:\/\/www.marandoparrucchieri.it\/dev\/2017\/11\/06\/cinque-buoni-motivi-scegliere-marando-parrucchieri\/\"]}]},{\"@type\":\"ImageObject\",\"inLanguage\":\"it-IT\",\"@id\":\"https:\/\/www.marandoparrucchieri.it\/dev\/2017\/11\/06\/cinque-buoni-motivi-scegliere-marando-parrucchieri\/#primaryimage\",\"url\":\"https:\/\/www.marandoparrucchieri.it\/dev\/wp-content\/uploads\/2017\/11\/IMG_2201-e1509985226458.jpg\",\"contentUrl\":\"https:\/\/www.marandoparrucchieri.it\/dev\/wp-content\/uploads\/2017\/11\/IMG_2201-e1509985226458.jpg\",\"width\":1181,\"height\":665,\"caption\":\"Il nostro team: da sinistra Debora, Francesco, Federica e Annamaria\"},{\"@type\":\"BreadcrumbList\",\"@id\":\"https:\/\/www.marandoparrucchieri.it\/dev\/2017\/11\/06\/cinque-buoni-motivi-scegliere-marando-parrucchieri\/#breadcrumb\",\"itemListElement\":[{\"@type\":\"ListItem\",\"position\":1,\"name\":\"Home &gt; parrucchiere &gt; degrad\u00e8 joelle &gt; parrucchiere &gt; capelli &gt; hair &gt; marando parrucchieri\",\"item\":\"https:\/\/www.marandoparrucchieri.it\/dev\/\"},{\"@type\":\"ListItem\",\"position\":2,\"name\":\"Cinque buoni motivi per scegliere Marando Parrucchieri\"}]},{\"@type\":\"WebSite\",\"@id\":\"https:\/\/www.marandoparrucchieri.it\/dev\/#website\",\"url\":\"https:\/\/www.marandoparrucchieri.it\/dev\/\",\"name\":\"marandoparrucchieri.it\/dev\/\",\"description\":\"Specialisti del colore, in particolare della tecnica del Degrad\u00e8\",\"publisher\":{\"@id\":\"https:\/\/www.marandoparrucchieri.it\/dev\/#organization\"},\"potentialAction\":[{\"@type\":\"SearchAction\",\"target\":{\"@type\":\"EntryPoint\",\"urlTemplate\":\"https:\/\/www.marandoparrucchieri.it\/dev\/?s={search_term_string}\"},\"query-input\":\"required name=search_term_string\"}],\"inLanguage\":\"it-IT\"},{\"@type\":\"Organization\",\"@id\":\"https:\/\/www.marandoparrucchieri.it\/dev\/#organization\",\"name\":\"MARANDO PARRUCCHIERI\",\"url\":\"https:\/\/www.marandoparrucchieri.it\/dev\/\",\"logo\":{\"@type\":\"ImageObject\",\"inLanguage\":\"it-IT\",\"@id\":\"https:\/\/www.marandoparrucchieri.it\/dev\/#\/schema\/logo\/image\/\",\"url\":\"https:\/\/www.marandoparrucchieri.it\/dev\/wp-content\/uploads\/2019\/11\/logo-marando.png\",\"contentUrl\":\"https:\/\/www.marandoparrucchieri.it\/dev\/wp-content\/uploads\/2019\/11\/logo-marando.png\",\"width\":591,\"height\":236,\"caption\":\"MARANDO PARRUCCHIERI\"},\"image\":{\"@id\":\"https:\/\/www.marandoparrucchieri.it\/dev\/#\/schema\/logo\/image\/\"},\"sameAs\":[\"https:\/\/m.facebook.com\/marandoparrucchieri\/?ref=bookmarks\",\"https:\/\/twitter.com\/infomarando\",\"https:\/\/www.instagram.com\/marando_parrucchieri\/?hl=it\",\"https:\/\/www.pinterest.it\/fracioplucip\/\"]},{\"@type\":\"Person\",\"@id\":\"https:\/\/www.marandoparrucchieri.it\/dev\/#\/schema\/person\/36d8e56be952e206f18a754b53db83ff\",\"name\":\"Francesco Marando\",\"image\":{\"@type\":\"ImageObject\",\"inLanguage\":\"it-IT\",\"@id\":\"https:\/\/www.marandoparrucchieri.it\/dev\/#\/schema\/person\/image\/\",\"url\":\"https:\/\/secure.gravatar.com\/avatar\/a2a9afde9d35ad620f9f8f40e926bc73?s=96&d=mm&r=g\",\"contentUrl\":\"https:\/\/secure.gravatar.com\/avatar\/a2a9afde9d35ad620f9f8f40e926bc73?s=96&d=mm&r=g\",\"caption\":\"Francesco Marando\"},\"url\":\"https:\/\/www.marandoparrucchieri.it\/dev\/author\/francesco\/\"}]}<\/script>\r\n<!-- \/ Yoast SEO plugin. -->","yoast_head_json":{"title":"Cinque buoni motivi per scegliere Marando Parrucchieri - Centro Degrad\u00e8 Joelle Marando Parrucchieri","description":"Sapete che a Milano ci sono oltre 100mila parrucchieri? Perch\u00e8, tra tutti, dovreste scegliere Marando Parrucchieri? Ecco cinque buone ragioni:","robots":{"index":"index","follow":"follow","max-snippet":"max-snippet:-1","max-image-preview":"max-image-preview:large","max-video-preview":"max-video-preview:-1"},"canonical":"https:\/\/www.marandoparrucchieri.it\/dev\/2017\/11\/06\/cinque-buoni-motivi-scegliere-marando-parrucchieri\/","og_locale":"it_IT","og_type":"article","og_title":"Cinque buoni motivi per scegliere Marando Parrucchieri","og_description":"A Milano ci sono oltre 100mila parrucchieri. Perch\u00e8 scegliere noi? Perch\u00e8 siamo pi\u00f9 bravi, pi\u00f9 seri, pi\u00f9 cari. E ci mettiamo il cuore.","og_url":"https:\/\/www.marandoparrucchieri.it\/dev\/2017\/11\/06\/cinque-buoni-motivi-scegliere-marando-parrucchieri\/","og_site_name":"Centro Degrad\u00e8 Joelle Marando Parrucchieri","article_publisher":"https:\/\/m.facebook.com\/marandoparrucchieri\/?ref=bookmarks","article_published_time":"2017-11-06T16:08:50+00:00","article_modified_time":"2017-12-03T13:54:02+00:00","og_image":[{"width":800,"height":800,"url":"https:\/\/www.marandoparrucchieri.it\/dev\/wp-content\/uploads\/2017\/05\/gen_logo.png","type":"image\/png"}],"author":"Francesco Marando","twitter_card":"summary_large_image","twitter_creator":"@infomarando","twitter_site":"@infomarando","twitter_misc":{"Scritto da":"Francesco Marando","Tempo di lettura stimato":"2 minuti"},"schema":{"@context":"https:\/\/schema.org","@graph":[{"@type":"Article","@id":"https:\/\/www.marandoparrucchieri.it\/dev\/2017\/11\/06\/cinque-buoni-motivi-scegliere-marando-parrucchieri\/#article","isPartOf":{"@id":"https:\/\/www.marandoparrucchieri.it\/dev\/2017\/11\/06\/cinque-buoni-motivi-scegliere-marando-parrucchieri\/"},"author":{"name":"Francesco Marando","@id":"https:\/\/www.marandoparrucchieri.it\/dev\/#\/schema\/person\/36d8e56be952e206f18a754b53db83ff"},"headline":"Cinque buoni motivi per scegliere Marando Parrucchieri","datePublished":"2017-11-06T16:08:50+00:00","dateModified":"2017-12-03T13:54:02+00:00","mainEntityOfPage":{"@id":"https:\/\/www.marandoparrucchieri.it\/dev\/2017\/11\/06\/cinque-buoni-motivi-scegliere-marando-parrucchieri\/"},"wordCount":424,"commentCount":1,"publisher":{"@id":"https:\/\/www.marandoparrucchieri.it\/dev\/#organization"},"image":{"@id":"https:\/\/www.marandoparrucchieri.it\/dev\/2017\/11\/06\/cinque-buoni-motivi-scegliere-marando-parrucchieri\/#primaryimage"},"thumbnailUrl":"https:\/\/www.marandoparrucchieri.it\/dev\/wp-content\/uploads\/2017\/11\/IMG_2201-e1509985226458.jpg","keywords":["colore capelli","degrade biondo","degrade castano","Degrad\u00e8 Joelle","degrade rosso","marando","marando parrucchiere","milano","parrucchiere milano","tinture capelli","tinture capelli naturale"],"articleSection":["Bellezza","Colorazione","news","Tagli"],"inLanguage":"it-IT","potentialAction":[{"@type":"CommentAction","name":"Comment","target":["https:\/\/www.marandoparrucchieri.it\/dev\/2017\/11\/06\/cinque-buoni-motivi-scegliere-marando-parrucchieri\/#respond"]}]},{"@type":"WebPage","@id":"https:\/\/www.marandoparrucchieri.it\/dev\/2017\/11\/06\/cinque-buoni-motivi-scegliere-marando-parrucchieri\/","url":"https:\/\/www.marandoparrucchieri.it\/dev\/2017\/11\/06\/cinque-buoni-motivi-scegliere-marando-parrucchieri\/","name":"Cinque buoni motivi per scegliere Marando Parrucchieri - Centro Degrad\u00e8 Joelle Marando Parrucchieri","isPartOf":{"@id":"https:\/\/www.marandoparrucchieri.it\/dev\/#website"},"primaryImageOfPage":{"@id":"https:\/\/www.marandoparrucchieri.it\/dev\/2017\/11\/06\/cinque-buoni-motivi-scegliere-marando-parrucchieri\/#primaryimage"},"image":{"@id":"https:\/\/www.marandoparrucchieri.it\/dev\/2017\/11\/06\/cinque-buoni-motivi-scegliere-marando-parrucchieri\/#primaryimage"},"thumbnailUrl":"https:\/\/www.marandoparrucchieri.it\/dev\/wp-content\/uploads\/2017\/11\/IMG_2201-e1509985226458.jpg","datePublished":"2017-11-06T16:08:50+00:00","dateModified":"2017-12-03T13:54:02+00:00","description":"Sapete che a Milano ci sono oltre 100mila parrucchieri? Perch\u00e8, tra tutti, dovreste scegliere Marando Parrucchieri? Ecco cinque buone ragioni:","breadcrumb":{"@id":"https:\/\/www.marandoparrucchieri.it\/dev\/2017\/11\/06\/cinque-buoni-motivi-scegliere-marando-parrucchieri\/#breadcrumb"},"inLanguage":"it-IT","potentialAction":[{"@type":"ReadAction","target":["https:\/\/www.marandoparrucchieri.it\/dev\/2017\/11\/06\/cinque-buoni-motivi-scegliere-marando-parrucchieri\/"]}]},{"@type":"ImageObject","inLanguage":"it-IT","@id":"https:\/\/www.marandoparrucchieri.it\/dev\/2017\/11\/06\/cinque-buoni-motivi-scegliere-marando-parrucchieri\/#primaryimage","url":"https:\/\/www.marandoparrucchieri.it\/dev\/wp-content\/uploads\/2017\/11\/IMG_2201-e1509985226458.jpg","contentUrl":"https:\/\/www.marandoparrucchieri.it\/dev\/wp-content\/uploads\/2017\/11\/IMG_2201-e1509985226458.jpg","width":1181,"height":665,"caption":"Il nostro team: da sinistra Debora, Francesco, Federica e Annamaria"},{"@type":"BreadcrumbList","@id":"https:\/\/www.marandoparrucchieri.it\/dev\/2017\/11\/06\/cinque-buoni-motivi-scegliere-marando-parrucchieri\/#breadcrumb","itemListElement":[{"@type":"ListItem","position":1,"name":"Home &gt; parrucchiere &gt; degrad\u00e8 joelle &gt; parrucchiere &gt; capelli &gt; hair &gt; marando parrucchieri","item":"https:\/\/www.marandoparrucchieri.it\/dev\/"},{"@type":"ListItem","position":2,"name":"Cinque buoni motivi per scegliere Marando Parrucchieri"}]},{"@type":"WebSite","@id":"https:\/\/www.marandoparrucchieri.it\/dev\/#website","url":"https:\/\/www.marandoparrucchieri.it\/dev\/","name":"marandoparrucchieri.it\/dev\/","description":"Specialisti del colore, in particolare della tecnica del Degrad\u00e8","publisher":{"@id":"https:\/\/www.marandoparrucchieri.it\/dev\/#organization"},"potentialAction":[{"@type":"SearchAction","target":{"@type":"EntryPoint","urlTemplate":"https:\/\/www.marandoparrucchieri.it\/dev\/?s={search_term_string}"},"query-input":"required name=search_term_string"}],"inLanguage":"it-IT"},{"@type":"Organization","@id":"https:\/\/www.marandoparrucchieri.it\/dev\/#organization","name":"MARANDO PARRUCCHIERI","url":"https:\/\/www.marandoparrucchieri.it\/dev\/","logo":{"@type":"ImageObject","inLanguage":"it-IT","@id":"https:\/\/www.marandoparrucchieri.it\/dev\/#\/schema\/logo\/image\/","url":"https:\/\/www.marandoparrucchieri.it\/dev\/wp-content\/uploads\/2019\/11\/logo-marando.png","contentUrl":"https:\/\/www.marandoparrucchieri.it\/dev\/wp-content\/uploads\/2019\/11\/logo-marando.png","width":591,"height":236,"caption":"MARANDO PARRUCCHIERI"},"image":{"@id":"https:\/\/www.marandoparrucchieri.it\/dev\/#\/schema\/logo\/image\/"},"sameAs":["https:\/\/m.facebook.com\/marandoparrucchieri\/?ref=bookmarks","https:\/\/twitter.com\/infomarando","https:\/\/www.instagram.com\/marando_parrucchieri\/?hl=it","https:\/\/www.pinterest.it\/fracioplucip\/"]},{"@type":"Person","@id":"https:\/\/www.marandoparrucchieri.it\/dev\/#\/schema\/person\/36d8e56be952e206f18a754b53db83ff","name":"Francesco Marando","image":{"@type":"ImageObject","inLanguage":"it-IT","@id":"https:\/\/www.marandoparrucchieri.it\/dev\/#\/schema\/person\/image\/","url":"https:\/\/secure.gravatar.com\/avatar\/a2a9afde9d35ad620f9f8f40e926bc73?s=96&d=mm&r=g","contentUrl":"https:\/\/secure.gravatar.com\/avatar\/a2a9afde9d35ad620f9f8f40e926bc73?s=96&d=mm&r=g","caption":"Francesco Marando"},"url":"https:\/\/www.marandoparrucchieri.it\/dev\/author\/francesco\/"}]}},"_links":{"self":[{"href":"https:\/\/www.marandoparrucchieri.it\/dev\/wp-json\/wp\/v2\/posts\/1389"}],"collection":[{"href":"https:\/\/www.marandoparrucchieri.it\/dev\/wp-json\/wp\/v2\/posts"}],"about":[{"href":"https:\/\/www.marandoparrucchieri.it\/dev\/wp-json\/wp\/v2\/types\/post"}],"author":[{"embeddable":true,"href":"https:\/\/www.marandoparrucchieri.it\/dev\/wp-json\/wp\/v2\/users\/2"}],"replies":[{"embeddable":true,"href":"https:\/\/www.marandoparrucchieri.it\/dev\/wp-json\/wp\/v2\/comments?post=1389"}],"version-history":[{"count":8,"href":"https:\/\/www.marandoparrucchieri.it\/dev\/wp-json\/wp\/v2\/posts\/1389\/revisions"}],"predecessor-version":[{"id":1399,"href":"https:\/\/www.marandoparrucchieri.it\/dev\/wp-json\/wp\/v2\/posts\/1389\/revisions\/1399"}],"wp:featuredmedia":[{"embeddable":true,"href":"https:\/\/www.marandoparrucchieri.it\/dev\/wp-json\/wp\/v2\/media\/1390"}],"wp:attachment":[{"href":"https:\/\/www.marandoparrucchieri.it\/dev\/wp-json\/wp\/v2\/media?parent=1389"}],"wp:term":[{"taxonomy":"category","embeddable":true,"href":"https:\/\/www.marandoparrucchieri.it\/dev\/wp-json\/wp\/v2\/categories?post=1389"},{"taxonomy":"post_tag","embeddable":true,"href":"https:\/\/www.marandoparrucchieri.it\/dev\/wp-json\/wp\/v2\/tags?post=1389"}],"curies":[{"name":"wp","href":"https:\/\/api.w.org\/{rel}","templated":true}]}}